{"id":2652,"date":"2019-02-05T17:10:35","date_gmt":"2019-02-05T17:10:35","guid":{"rendered":"http:\/\/hastskoteatern.se\/?p=2652"},"modified":"2019-02-05T17:10:35","modified_gmt":"2019-02-05T17:10:35","slug":"doroteadag","status":"publish","type":"post","link":"http:\/\/hastskoteatern.se\/?p=2652","title":{"rendered":"DOROTEADAG"},"content":{"rendered":"\n<figure class=\"wp-block-image\"><img decoding=\"async\" loading=\"lazy\" width=\"750\" height=\"1000\" src=\"http:\/\/hastskoteatern.se\/wp-content\/uploads\/2019\/02\/IMG_4255.jpg\" alt=\"\" class=\"wp-image-2653\" srcset=\"http:\/\/hastskoteatern.se\/wp-content\/uploads\/2019\/02\/IMG_4255.jpg 750w, http:\/\/hastskoteatern.se\/wp-content\/uploads\/2019\/02\/IMG_4255-225x300.jpg 225w\" sizes=\"(max-width: 750px) 100vw, 750px\" \/><\/figure>\n\n\n\n<p>Som traditionen bjuder h\u00e5ller Konstf\u00f6reningen vernissage p\u00e5 Doroteadagen, s\u00e5 \u00e4ven i \u00e5r. Sj\u00e4lvklart var Caf\u00e9 Kramfors ocks\u00e5 \u00f6ppet!<\/p>\n\n\n\n<p>I god tid innan \u00f6ppningen kl.12.00 hade Roland kokat kaffe och Bitten dukat fram kakorna.<\/p>\n\n\n\n<figure class=\"wp-block-image\"><img decoding=\"async\" loading=\"lazy\" width=\"576\" height=\"1024\" src=\"http:\/\/hastskoteatern.se\/wp-content\/uploads\/2019\/02\/Rolle-1-576x1024.jpg\" alt=\"\" class=\"wp-image-2655\" srcset=\"http:\/\/hastskoteatern.se\/wp-content\/uploads\/2019\/02\/Rolle-1-576x1024.jpg 576w, http:\/\/hastskoteatern.se\/wp-content\/uploads\/2019\/02\/Rolle-1-169x300.jpg 169w, http:\/\/hastskoteatern.se\/wp-content\/uploads\/2019\/02\/Rolle-1-768x1365.jpg 768w\" sizes=\"(max-width: 576px) 100vw, 576px\" \/><\/figure>\n\n\n\n<figure class=\"wp-block-image\"><img decoding=\"async\" loading=\"lazy\" width=\"1024\" height=\"576\" src=\"http:\/\/hastskoteatern.se\/wp-content\/uploads\/2019\/02\/B-1024x576.jpg\" alt=\"\" class=\"wp-image-2656\" srcset=\"http:\/\/hastskoteatern.se\/wp-content\/uploads\/2019\/02\/B-1024x576.jpg 1024w, http:\/\/hastskoteatern.se\/wp-content\/uploads\/2019\/02\/B-300x169.jpg 300w, http:\/\/hastskoteatern.se\/wp-content\/uploads\/2019\/02\/B-768x432.jpg 768w, http:\/\/hastskoteatern.se\/wp-content\/uploads\/2019\/02\/B-500x281.jpg 500w\" sizes=\"(max-width: 1024px) 100vw, 1024px\" \/><\/figure>\n\n\n\n<p>N\u00e4r invigningen startade var lokalen fylld till br\u00e4dden av bes\u00f6kare som s\u00f6kt sej in i v\u00e4rmen och trivseln p\u00e5 Kramforsg\u00e5rden. Ulla h\u00e4lsade Ann-Sofie Gavelin v\u00e4lkommen&#8230;<\/p>\n\n\n\n<figure class=\"wp-block-image\"><img decoding=\"async\" loading=\"lazy\" width=\"1000\" height=\"750\" src=\"http:\/\/hastskoteatern.se\/wp-content\/uploads\/2019\/02\/IMG_4256.jpg\" alt=\"\" class=\"wp-image-2657\" srcset=\"http:\/\/hastskoteatern.se\/wp-content\/uploads\/2019\/02\/IMG_4256.jpg 1000w, http:\/\/hastskoteatern.se\/wp-content\/uploads\/2019\/02\/IMG_4256-300x225.jpg 300w, http:\/\/hastskoteatern.se\/wp-content\/uploads\/2019\/02\/IMG_4256-768x576.jpg 768w, http:\/\/hastskoteatern.se\/wp-content\/uploads\/2019\/02\/IMG_4256-400x300.jpg 400w\" sizes=\"(max-width: 1000px) 100vw, 1000px\" \/><\/figure>\n\n\n\n<p>&#8230;och sedan ber\u00e4ttade Ann-Sofie inspirerande om sin m\u00e5lning, f\u00f6r en intresserad publik.<\/p>\n\n\n\n<figure class=\"wp-block-image\"><img decoding=\"async\" loading=\"lazy\" width=\"1000\" height=\"750\" src=\"http:\/\/hastskoteatern.se\/wp-content\/uploads\/2019\/02\/IMG_4257.jpg\" alt=\"\" class=\"wp-image-2658\" srcset=\"http:\/\/hastskoteatern.se\/wp-content\/uploads\/2019\/02\/IMG_4257.jpg 1000w, http:\/\/hastskoteatern.se\/wp-content\/uploads\/2019\/02\/IMG_4257-300x225.jpg 300w, http:\/\/hastskoteatern.se\/wp-content\/uploads\/2019\/02\/IMG_4257-768x576.jpg 768w, http:\/\/hastskoteatern.se\/wp-content\/uploads\/2019\/02\/IMG_4257-400x300.jpg 400w\" sizes=\"(max-width: 1000px) 100vw, 1000px\" \/><\/figure>\n\n\n\n<p>H\u00e4r nedan syns ett axplock av allt vackert som fanns p\u00e5 v\u00e4ggarna.<\/p>\n\n\n\n<figure class=\"wp-block-image\"><img decoding=\"async\" loading=\"lazy\" width=\"1000\" height=\"750\" src=\"http:\/\/hastskoteatern.se\/wp-content\/uploads\/2019\/02\/IMG_4259.jpg\" alt=\"\" class=\"wp-image-2659\" srcset=\"http:\/\/hastskoteatern.se\/wp-content\/uploads\/2019\/02\/IMG_4259.jpg 1000w, http:\/\/hastskoteatern.se\/wp-content\/uploads\/2019\/02\/IMG_4259-300x225.jpg 300w, http:\/\/hastskoteatern.se\/wp-content\/uploads\/2019\/02\/IMG_4259-768x576.jpg 768w, http:\/\/hastskoteatern.se\/wp-content\/uploads\/2019\/02\/IMG_4259-400x300.jpg 400w\" sizes=\"(max-width: 1000px) 100vw, 1000px\" \/><\/figure>\n\n\n\n<figure class=\"wp-block-image\"><img decoding=\"async\" loading=\"lazy\" width=\"1000\" height=\"750\" src=\"http:\/\/hastskoteatern.se\/wp-content\/uploads\/2019\/02\/IMG_4260.jpg\" alt=\"\" class=\"wp-image-2660\" srcset=\"http:\/\/hastskoteatern.se\/wp-content\/uploads\/2019\/02\/IMG_4260.jpg 1000w, http:\/\/hastskoteatern.se\/wp-content\/uploads\/2019\/02\/IMG_4260-300x225.jpg 300w, http:\/\/hastskoteatern.se\/wp-content\/uploads\/2019\/02\/IMG_4260-768x576.jpg 768w, http:\/\/hastskoteatern.se\/wp-content\/uploads\/2019\/02\/IMG_4260-400x300.jpg 400w\" sizes=\"(max-width: 1000px) 100vw, 1000px\" \/><\/figure>\n\n\n\n<figure class=\"wp-block-image\"><img decoding=\"async\" loading=\"lazy\" width=\"1000\" height=\"750\" src=\"http:\/\/hastskoteatern.se\/wp-content\/uploads\/2019\/02\/IMG_4261.jpg\" alt=\"\" class=\"wp-image-2661\" srcset=\"http:\/\/hastskoteatern.se\/wp-content\/uploads\/2019\/02\/IMG_4261.jpg 1000w, http:\/\/hastskoteatern.se\/wp-content\/uploads\/2019\/02\/IMG_4261-300x225.jpg 300w, http:\/\/hastskoteatern.se\/wp-content\/uploads\/2019\/02\/IMG_4261-768x576.jpg 768w, http:\/\/hastskoteatern.se\/wp-content\/uploads\/2019\/02\/IMG_4261-400x300.jpg 400w\" sizes=\"(max-width: 1000px) 100vw, 1000px\" \/><\/figure>\n\n\n\n<p>P\u00e5 l\u00f6rdag beger vi oss till Hoting, f\u00f6r att sjunga alls\u00e5ng, v\u00e4lkommen d\u00e5!<\/p>\n","protected":false},"excerpt":{"rendered":"<p>Som traditionen bjuder h\u00e5ller Konstf\u00f6reningen vernissage p\u00e5 Doroteadagen, s\u00e5 \u00e4ven i \u00e5r. Sj\u00e4lvklart var Caf\u00e9 Kramfors ocks\u00e5 \u00f6ppet! I god tid innan \u00f6ppningen kl.12.00 hade Roland kokat kaffe och Bitten dukat fram kakorna. N\u00e4r invigningen startade var lokalen fylld till &hellip; <a href=\"http:\/\/hastskoteatern.se\/?p=2652\">L\u00e4s mer <span class=\"meta-nav\">&rarr;<\/span><\/a><\/p>\n","protected":false},"author":1,"featured_media":0,"comment_status":"open","ping_status":"open","sticky":false,"template":"","format":"standard","meta":[],"categories":[1],"tags":[],"_links":{"self":[{"href":"http:\/\/hastskoteatern.se\/index.php?rest_route=\/wp\/v2\/posts\/2652"}],"collection":[{"href":"http:\/\/hastskoteatern.se\/index.php?rest_route=\/wp\/v2\/posts"}],"about":[{"href":"http:\/\/hastskoteatern.se\/index.php?rest_route=\/wp\/v2\/types\/post"}],"author":[{"embeddable":true,"href":"http:\/\/hastskoteatern.se\/index.php?rest_route=\/wp\/v2\/users\/1"}],"replies":[{"embeddable":true,"href":"http:\/\/hastskoteatern.se\/index.php?rest_route=%2Fwp%2Fv2%2Fcomments&post=2652"}],"version-history":[{"count":1,"href":"http:\/\/hastskoteatern.se\/index.php?rest_route=\/wp\/v2\/posts\/2652\/revisions"}],"predecessor-version":[{"id":2662,"href":"http:\/\/hastskoteatern.se\/index.php?rest_route=\/wp\/v2\/posts\/2652\/revisions\/2662"}],"wp:attachment":[{"href":"http:\/\/hastskoteatern.se\/index.php?rest_route=%2Fwp%2Fv2%2Fmedia&parent=2652"}],"wp:term":[{"taxonomy":"category","embeddable":true,"href":"http:\/\/hastskoteatern.se\/index.php?rest_route=%2Fwp%2Fv2%2Fcategories&post=2652"},{"taxonomy":"post_tag","embeddable":true,"href":"http:\/\/hastskoteatern.se\/index.php?rest_route=%2Fwp%2Fv2%2Ftags&post=2652"}],"curies":[{"name":"wp","href":"https:\/\/api.w.org\/{rel}","templated":true}]}}