{"id":1998,"date":"2016-07-20T07:26:46","date_gmt":"2016-07-20T07:26:46","guid":{"rendered":"http:\/\/hastskoteatern.se\/?p=1998"},"modified":"2016-07-20T07:26:46","modified_gmt":"2016-07-20T07:26:46","slug":"asele-marknad","status":"publish","type":"post","link":"http:\/\/hastskoteatern.se\/?p=1998","title":{"rendered":"\u00c5SELE MARKNAD"},"content":{"rendered":"<p><a href=\"http:\/\/hastskoteatern.se\/wp-content\/uploads\/2016\/07\/\u00e5sele.jpg\"><img decoding=\"async\" loading=\"lazy\" class=\"aligncenter size-full wp-image-1999\" src=\"http:\/\/hastskoteatern.se\/wp-content\/uploads\/2016\/07\/\u00e5sele.jpg\" alt=\"\u00e5sele\" width=\"960\" height=\"540\" srcset=\"http:\/\/hastskoteatern.se\/wp-content\/uploads\/2016\/07\/\u00e5sele.jpg 960w, http:\/\/hastskoteatern.se\/wp-content\/uploads\/2016\/07\/\u00e5sele-300x169.jpg 300w, http:\/\/hastskoteatern.se\/wp-content\/uploads\/2016\/07\/\u00e5sele-500x281.jpg 500w\" sizes=\"(max-width: 960px) 100vw, 960px\" \/><\/a><\/p>\n<p>I m\u00e5ndags 18\/7 hade H\u00e4stskoteatern den stora f\u00f6rm\u00e5nen att f\u00e5 upptr\u00e4da p\u00e5 \u00c5sele Marknad.<\/p>\n<p>Det var ett varierat v\u00e4der som den sista marknadsdagen bj\u00f6d p\u00e5. Under det f\u00f6rsta framtr\u00e4dandet p\u00e5 f\u00f6rmiddagen avl\u00f6ste regnskurarna varandra och den kalla vinden gjorde att Roland fick kramp i handen!<\/p>\n<p>Eftermiddagsframtr\u00e4dandet framf\u00f6rdes i str\u00e5lande sol och k\u00f6ldskadorna f\u00f6rbyttes i svettningar!!<\/p>\n<p>Trots detta var det en trevlig dag, med tid f\u00f6r marknadsvimmel och lyssnande till ljuv musik av gruppen Kollage, som spelade p\u00e5 samma scen som vi.\u00a0\u00a0\u00a0\u00a0\u00a0\u00a0\u00a0\u00a0\u00a0\u00a0\u00a0\u00a0\u00a0\u00a0\u00a0\u00a0\u00a0\u00a0\u00a0\u00a0\u00a0\u00a0\u00a0\u00a0\u00a0 Kollage \u00e4r fr\u00e5n Lycksele och musiken \u00e4r en blandning av olika stilar. Bandet best\u00e5r av tidigare umes\u00e5ngerskan och f\u00f6re detta Renhornet Eva Lycksell, \u00c5selef\u00f6rlagda saxofonisten Petri Kivim\u00e4ki, den m\u00e5ngsidiga pianisten Olle Berggren, den makal\u00f6se elbasisten Erik Genberg samt den stabila trummisen Tomas L\u00f6nnberg.<\/p>\n<p><a href=\"http:\/\/hastskoteatern.se\/wp-content\/uploads\/2016\/07\/IMG_1592.jpg\"><img decoding=\"async\" loading=\"lazy\" class=\"aligncenter size-full wp-image-2000\" src=\"http:\/\/hastskoteatern.se\/wp-content\/uploads\/2016\/07\/IMG_1592.jpg\" alt=\"IMG_1592\" width=\"912\" height=\"684\" srcset=\"http:\/\/hastskoteatern.se\/wp-content\/uploads\/2016\/07\/IMG_1592.jpg 912w, http:\/\/hastskoteatern.se\/wp-content\/uploads\/2016\/07\/IMG_1592-300x225.jpg 300w, http:\/\/hastskoteatern.se\/wp-content\/uploads\/2016\/07\/IMG_1592-400x300.jpg 400w\" sizes=\"(max-width: 912px) 100vw, 912px\" \/><\/a><\/p>\n<p>&nbsp;<\/p>\n","protected":false},"excerpt":{"rendered":"<p>I m\u00e5ndags 18\/7 hade H\u00e4stskoteatern den stora f\u00f6rm\u00e5nen att f\u00e5 upptr\u00e4da p\u00e5 \u00c5sele Marknad. Det var ett varierat v\u00e4der som den sista marknadsdagen bj\u00f6d p\u00e5. Under det f\u00f6rsta framtr\u00e4dandet p\u00e5 f\u00f6rmiddagen avl\u00f6ste regnskurarna varandra och den kalla vinden gjorde att &hellip; <a href=\"http:\/\/hastskoteatern.se\/?p=1998\">L\u00e4s mer <span class=\"meta-nav\">&rarr;<\/span><\/a><\/p>\n","protected":false},"author":1,"featured_media":0,"comment_status":"open","ping_status":"open","sticky":false,"template":"","format":"standard","meta":[],"categories":[1],"tags":[],"_links":{"self":[{"href":"http:\/\/hastskoteatern.se\/index.php?rest_route=\/wp\/v2\/posts\/1998"}],"collection":[{"href":"http:\/\/hastskoteatern.se\/index.php?rest_route=\/wp\/v2\/posts"}],"about":[{"href":"http:\/\/hastskoteatern.se\/index.php?rest_route=\/wp\/v2\/types\/post"}],"author":[{"embeddable":true,"href":"http:\/\/hastskoteatern.se\/index.php?rest_route=\/wp\/v2\/users\/1"}],"replies":[{"embeddable":true,"href":"http:\/\/hastskoteatern.se\/index.php?rest_route=%2Fwp%2Fv2%2Fcomments&post=1998"}],"version-history":[{"count":1,"href":"http:\/\/hastskoteatern.se\/index.php?rest_route=\/wp\/v2\/posts\/1998\/revisions"}],"predecessor-version":[{"id":2001,"href":"http:\/\/hastskoteatern.se\/index.php?rest_route=\/wp\/v2\/posts\/1998\/revisions\/2001"}],"wp:attachment":[{"href":"http:\/\/hastskoteatern.se\/index.php?rest_route=%2Fwp%2Fv2%2Fmedia&parent=1998"}],"wp:term":[{"taxonomy":"category","embeddable":true,"href":"http:\/\/hastskoteatern.se\/index.php?rest_route=%2Fwp%2Fv2%2Fcategories&post=1998"},{"taxonomy":"post_tag","embeddable":true,"href":"http:\/\/hastskoteatern.se\/index.php?rest_route=%2Fwp%2Fv2%2Ftags&post=1998"}],"curies":[{"name":"wp","href":"https:\/\/api.w.org\/{rel}","templated":true}]}}