{"id":1876,"date":"2016-02-02T16:13:44","date_gmt":"2016-02-02T16:13:44","guid":{"rendered":"http:\/\/hastskoteatern.se\/?p=1876"},"modified":"2016-02-02T18:20:58","modified_gmt":"2016-02-02T18:20:58","slug":"vemdalen-nu-kommer-vi","status":"publish","type":"post","link":"http:\/\/hastskoteatern.se\/?p=1876","title":{"rendered":"VEMDALEN, NU KOMMER VI!"},"content":{"rendered":"<p><a href=\"http:\/\/hastskoteatern.se\/wp-content\/uploads\/2016\/02\/IMG_1427.jpg\"><img decoding=\"async\" loading=\"lazy\" class=\"aligncenter size-full wp-image-1878\" src=\"http:\/\/hastskoteatern.se\/wp-content\/uploads\/2016\/02\/IMG_1427.jpg\" alt=\"IMG_1427\" width=\"912\" height=\"684\" srcset=\"http:\/\/hastskoteatern.se\/wp-content\/uploads\/2016\/02\/IMG_1427.jpg 912w, http:\/\/hastskoteatern.se\/wp-content\/uploads\/2016\/02\/IMG_1427-300x225.jpg 300w, http:\/\/hastskoteatern.se\/wp-content\/uploads\/2016\/02\/IMG_1427-400x300.jpg 400w\" sizes=\"(max-width: 912px) 100vw, 912px\" \/><\/a><\/p>\n<p>Eftersom scenografin redan var uppbyggd i Vemdalen p\u00e5\u00a0m\u00e5ndagkv\u00e4llen, tog vi oss tid att k\u00f6ra en sv\u00e4ng till\u00a0Vemdalsskalet och tittade p\u00e5 skidanl\u00e4ggningarna&#8230;<\/p>\n<p><a href=\"http:\/\/hastskoteatern.se\/wp-content\/uploads\/2016\/02\/IMG_1429.jpg\"><img decoding=\"async\" loading=\"lazy\" class=\"aligncenter size-full wp-image-1879\" src=\"http:\/\/hastskoteatern.se\/wp-content\/uploads\/2016\/02\/IMG_1429.jpg\" alt=\"IMG_1429\" width=\"912\" height=\"684\" srcset=\"http:\/\/hastskoteatern.se\/wp-content\/uploads\/2016\/02\/IMG_1429.jpg 912w, http:\/\/hastskoteatern.se\/wp-content\/uploads\/2016\/02\/IMG_1429-300x225.jpg 300w, http:\/\/hastskoteatern.se\/wp-content\/uploads\/2016\/02\/IMG_1429-400x300.jpg 400w\" sizes=\"(max-width: 912px) 100vw, 912px\" \/><\/a><\/p>\n<p>&#8230;det var som en stad i miniatyr, med aff\u00e4rer och t.o.m. en l\u00e4karstation.<\/p>\n<p><a href=\"http:\/\/hastskoteatern.se\/wp-content\/uploads\/2016\/02\/IMG_1430.jpg\"><img decoding=\"async\" loading=\"lazy\" class=\"aligncenter size-full wp-image-1880\" src=\"http:\/\/hastskoteatern.se\/wp-content\/uploads\/2016\/02\/IMG_1430.jpg\" alt=\"IMG_1430\" width=\"912\" height=\"684\" srcset=\"http:\/\/hastskoteatern.se\/wp-content\/uploads\/2016\/02\/IMG_1430.jpg 912w, http:\/\/hastskoteatern.se\/wp-content\/uploads\/2016\/02\/IMG_1430-300x225.jpg 300w, http:\/\/hastskoteatern.se\/wp-content\/uploads\/2016\/02\/IMG_1430-400x300.jpg 400w\" sizes=\"(max-width: 912px) 100vw, 912px\" \/><\/a><\/p>\n<p>Inga skidor hade vi med oss, s\u00e5 vi v\u00e4nde om till Vemdalen och f\u00f6rberedde oss f\u00f6r att ge en Tjopp-f\u00f6rest\u00e4llning f\u00f6r f\u00f6rskolebarnen d\u00e4r.<\/p>\n<p><a href=\"http:\/\/hastskoteatern.se\/wp-content\/uploads\/2016\/02\/IMG_1422.jpg\"><img decoding=\"async\" loading=\"lazy\" class=\"aligncenter size-full wp-image-1877\" src=\"http:\/\/hastskoteatern.se\/wp-content\/uploads\/2016\/02\/IMG_1422.jpg\" alt=\"IMG_1422\" width=\"912\" height=\"684\" srcset=\"http:\/\/hastskoteatern.se\/wp-content\/uploads\/2016\/02\/IMG_1422.jpg 912w, http:\/\/hastskoteatern.se\/wp-content\/uploads\/2016\/02\/IMG_1422-300x225.jpg 300w, http:\/\/hastskoteatern.se\/wp-content\/uploads\/2016\/02\/IMG_1422-400x300.jpg 400w\" sizes=\"(max-width: 912px) 100vw, 912px\" \/><\/a><\/p>\n<p>Pigga och glada barn fick vi tr\u00e4ffa!<\/p>\n<p>Efter\u00e5t var det bara att riva och \u00e5ka vidare mot Hede, d\u00e4r vyn av Sonfj\u00e4llet m\u00f6tte oss.<\/p>\n<p><a href=\"http:\/\/hastskoteatern.se\/wp-content\/uploads\/2016\/02\/IMG_1434.jpg\"><img decoding=\"async\" loading=\"lazy\" class=\"aligncenter size-full wp-image-1881\" src=\"http:\/\/hastskoteatern.se\/wp-content\/uploads\/2016\/02\/IMG_1434.jpg\" alt=\"IMG_1434\" width=\"912\" height=\"684\" srcset=\"http:\/\/hastskoteatern.se\/wp-content\/uploads\/2016\/02\/IMG_1434.jpg 912w, http:\/\/hastskoteatern.se\/wp-content\/uploads\/2016\/02\/IMG_1434-300x225.jpg 300w, http:\/\/hastskoteatern.se\/wp-content\/uploads\/2016\/02\/IMG_1434-400x300.jpg 400w\" sizes=\"(max-width: 912px) 100vw, 912px\" \/><\/a>D\u00f6m om v\u00e5r f\u00f6rv\u00e5ning, n\u00e4r vi s\u00e5g svanar mitt i vintern!!<\/p>\n<p>En ortsbo talade om att sedan Ljusnan reglerades fryser inte vattnet och svanarna \u00f6vervintrar d\u00e4r.<\/p>\n<p><a href=\"http:\/\/hastskoteatern.se\/wp-content\/uploads\/2016\/02\/IMG_1449.jpg\"><img decoding=\"async\" loading=\"lazy\" class=\"aligncenter size-full wp-image-1883\" src=\"http:\/\/hastskoteatern.se\/wp-content\/uploads\/2016\/02\/IMG_1449.jpg\" alt=\"IMG_1449\" width=\"912\" height=\"684\" srcset=\"http:\/\/hastskoteatern.se\/wp-content\/uploads\/2016\/02\/IMG_1449.jpg 912w, http:\/\/hastskoteatern.se\/wp-content\/uploads\/2016\/02\/IMG_1449-300x225.jpg 300w, http:\/\/hastskoteatern.se\/wp-content\/uploads\/2016\/02\/IMG_1449-400x300.jpg 400w\" sizes=\"(max-width: 912px) 100vw, 912px\" \/><\/a><\/p>\n<p>Visste ni att Evert Ljusberg kommer fr\u00e5n Hede? Han har fortfarande kvar sin hemg\u00e5rd d\u00e4r och s\u00e4ger: &#8221; Vem beh\u00f6ver \u00e5ka till Japan och Fuji n\u00e4r man \u00e4r f\u00f6dd i Sonfj\u00e4llets skugga?&#8221;<\/p>\n<p>Han har naturligtvis en\u00a0v\u00e4g uppkallad efter sej.<\/p>\n<p><a href=\"http:\/\/hastskoteatern.se\/wp-content\/uploads\/2016\/02\/IMG_1448.jpg\"><img decoding=\"async\" loading=\"lazy\" class=\"aligncenter size-full wp-image-1882\" src=\"http:\/\/hastskoteatern.se\/wp-content\/uploads\/2016\/02\/IMG_1448.jpg\" alt=\"IMG_1448\" width=\"912\" height=\"684\" srcset=\"http:\/\/hastskoteatern.se\/wp-content\/uploads\/2016\/02\/IMG_1448.jpg 912w, http:\/\/hastskoteatern.se\/wp-content\/uploads\/2016\/02\/IMG_1448-300x225.jpg 300w, http:\/\/hastskoteatern.se\/wp-content\/uploads\/2016\/02\/IMG_1448-400x300.jpg 400w\" sizes=\"(max-width: 912px) 100vw, 912px\" \/><\/a><\/p>\n<p>H\u00e4r i Hede har vi ocks\u00e5 f\u00e5tt traktera enormt god mat och ett v\u00e4rdskap ut\u00f6ver det vanliga p\u00e5 Sonfj\u00e4llsg\u00e5rden&#8230;<\/p>\n<p><a href=\"http:\/\/hastskoteatern.se\/wp-content\/uploads\/2016\/02\/IMG_1451.jpg\"><img decoding=\"async\" loading=\"lazy\" class=\"aligncenter size-full wp-image-1886\" src=\"http:\/\/hastskoteatern.se\/wp-content\/uploads\/2016\/02\/IMG_1451.jpg\" alt=\"IMG_1451\" width=\"912\" height=\"684\" srcset=\"http:\/\/hastskoteatern.se\/wp-content\/uploads\/2016\/02\/IMG_1451.jpg 912w, http:\/\/hastskoteatern.se\/wp-content\/uploads\/2016\/02\/IMG_1451-300x225.jpg 300w, http:\/\/hastskoteatern.se\/wp-content\/uploads\/2016\/02\/IMG_1451-400x300.jpg 400w\" sizes=\"(max-width: 912px) 100vw, 912px\" \/><\/a><\/p>\n<p><a href=\"http:\/\/hastskoteatern.se\/wp-content\/uploads\/2016\/02\/IMG_1459.jpg\"><img decoding=\"async\" loading=\"lazy\" class=\"aligncenter size-full wp-image-1887\" src=\"http:\/\/hastskoteatern.se\/wp-content\/uploads\/2016\/02\/IMG_1459.jpg\" alt=\"IMG_1459\" width=\"912\" height=\"684\" srcset=\"http:\/\/hastskoteatern.se\/wp-content\/uploads\/2016\/02\/IMG_1459.jpg 912w, http:\/\/hastskoteatern.se\/wp-content\/uploads\/2016\/02\/IMG_1459-300x225.jpg 300w, http:\/\/hastskoteatern.se\/wp-content\/uploads\/2016\/02\/IMG_1459-400x300.jpg 400w\" sizes=\"(max-width: 912px) 100vw, 912px\" \/><\/a><\/p>\n<p>&#8230;och h\u00e4r \u00e4r Gunilla, som med sin son Tobbe, (tyv\u00e4rr fick vi inte Tobbe p\u00e5 bild) driver denna fantastiska anl\u00e4ggning v\u00e4l v\u00e4rd ett bes\u00f6k!<\/p>\n<p><a href=\"http:\/\/hastskoteatern.se\/wp-content\/uploads\/2016\/02\/IMG_1460.jpg\"><img decoding=\"async\" loading=\"lazy\" class=\"aligncenter size-full wp-image-1888\" src=\"http:\/\/hastskoteatern.se\/wp-content\/uploads\/2016\/02\/IMG_1460.jpg\" alt=\"IMG_1460\" width=\"912\" height=\"684\" srcset=\"http:\/\/hastskoteatern.se\/wp-content\/uploads\/2016\/02\/IMG_1460.jpg 912w, http:\/\/hastskoteatern.se\/wp-content\/uploads\/2016\/02\/IMG_1460-300x225.jpg 300w, http:\/\/hastskoteatern.se\/wp-content\/uploads\/2016\/02\/IMG_1460-400x300.jpg 400w\" sizes=\"(max-width: 912px) 100vw, 912px\" \/><\/a><\/p>\n<p>&nbsp;<\/p>\n<p>Forts\u00e4ttning f\u00f6ljer&#8230;.<\/p>\n","protected":false},"excerpt":{"rendered":"<p>Eftersom scenografin redan var uppbyggd i Vemdalen p\u00e5\u00a0m\u00e5ndagkv\u00e4llen, tog vi oss tid att k\u00f6ra en sv\u00e4ng till\u00a0Vemdalsskalet och tittade p\u00e5 skidanl\u00e4ggningarna&#8230; &#8230;det var som en stad i miniatyr, med aff\u00e4rer och t.o.m. en l\u00e4karstation. Inga skidor hade vi med oss, &hellip; <a href=\"http:\/\/hastskoteatern.se\/?p=1876\">L\u00e4s mer <span class=\"meta-nav\">&rarr;<\/span><\/a><\/p>\n","protected":false},"author":1,"featured_media":0,"comment_status":"open","ping_status":"open","sticky":false,"template":"","format":"standard","meta":[],"categories":[1],"tags":[],"_links":{"self":[{"href":"http:\/\/hastskoteatern.se\/index.php?rest_route=\/wp\/v2\/posts\/1876"}],"collection":[{"href":"http:\/\/hastskoteatern.se\/index.php?rest_route=\/wp\/v2\/posts"}],"about":[{"href":"http:\/\/hastskoteatern.se\/index.php?rest_route=\/wp\/v2\/types\/post"}],"author":[{"embeddable":true,"href":"http:\/\/hastskoteatern.se\/index.php?rest_route=\/wp\/v2\/users\/1"}],"replies":[{"embeddable":true,"href":"http:\/\/hastskoteatern.se\/index.php?rest_route=%2Fwp%2Fv2%2Fcomments&post=1876"}],"version-history":[{"count":4,"href":"http:\/\/hastskoteatern.se\/index.php?rest_route=\/wp\/v2\/posts\/1876\/revisions"}],"predecessor-version":[{"id":1890,"href":"http:\/\/hastskoteatern.se\/index.php?rest_route=\/wp\/v2\/posts\/1876\/revisions\/1890"}],"wp:attachment":[{"href":"http:\/\/hastskoteatern.se\/index.php?rest_route=%2Fwp%2Fv2%2Fmedia&parent=1876"}],"wp:term":[{"taxonomy":"category","embeddable":true,"href":"http:\/\/hastskoteatern.se\/index.php?rest_route=%2Fwp%2Fv2%2Fcategories&post=1876"},{"taxonomy":"post_tag","embeddable":true,"href":"http:\/\/hastskoteatern.se\/index.php?rest_route=%2Fwp%2Fv2%2Ftags&post=1876"}],"curies":[{"name":"wp","href":"https:\/\/api.w.org\/{rel}","templated":true}]}}