{"id":1686,"date":"2015-03-29T17:18:50","date_gmt":"2015-03-29T17:18:50","guid":{"rendered":"http:\/\/hastskoteatern.se\/?p=1686"},"modified":"2015-03-30T05:21:23","modified_gmt":"2015-03-30T05:21:23","slug":"mera-vitter-i-stromsund","status":"publish","type":"post","link":"http:\/\/hastskoteatern.se\/?p=1686","title":{"rendered":"MERA VITTER I STR\u00d6MSUND!"},"content":{"rendered":"<h1>I Tisdags var det dags att packa in Vittrena i sl\u00e4pvagnen igen, denna g\u00e5ngen till Str\u00f6msund, d\u00e4r Vattudalens SPF f\u00f6rening hade m\u00e5nadsm\u00f6te.<\/h1>\n<p>Vi gav oss i v\u00e4g i god tid s\u00e5 vi kunde bes\u00f6ka El-kedjan innan vi skulle bygga upp Vitter-f\u00f6rest\u00e4llningen i f\u00f6rsamlingsg\u00e5rden. Vi var p\u00e5 jakt efter gl\u00f6dlampor till belysningen i v\u00e5rt caf\u00e9, som vi inrett i v\u00e5r nya lokal. Lampor och lite annat sm\u00e5tt och gott ink\u00f6ptes och sen tog vi itu med det vi kommit till Str\u00f6msund f\u00f6r att g\u00f6ra!<\/p>\n<p>N\u00e4r vi byggt upp scenografin, kontrollerat ljudet och f\u00e5tt oss en kopp kaffe, b\u00f6rjade s\u00e5 sm\u00e5tt publiken str\u00f6mma till. och det dr\u00f6jde inte l\u00e4nge f\u00f6rr\u00e4n salen var fullsatt.<\/p>\n<p><a href=\"http:\/\/hastskoteatern.se\/?attachment_id=1688\" rel=\"attachment wp-att-1688\"><img decoding=\"async\" loading=\"lazy\" class=\"aligncenter size-full wp-image-1688\" title=\"023\" src=\"http:\/\/hastskoteatern.se\/wp-content\/uploads\/2015\/03\/023.jpg\" alt=\"\" width=\"912\" height=\"684\" srcset=\"http:\/\/hastskoteatern.se\/wp-content\/uploads\/2015\/03\/023.jpg 912w, http:\/\/hastskoteatern.se\/wp-content\/uploads\/2015\/03\/023-300x225.jpg 300w, http:\/\/hastskoteatern.se\/wp-content\/uploads\/2015\/03\/023-400x300.jpg 400w\" sizes=\"(max-width: 912px) 100vw, 912px\" \/><\/a>Publiken var pigg och alert och det var ett n\u00f6je att f\u00e5 sjunga, spela och ber\u00e4tta f\u00f6r dem.<\/p>\n<p>Extra roligt var det att upphovsmannen till v\u00e5ra vitterhistorier, Christer Wikstr\u00f6m, var d\u00e4r och lyssnade. Det \u00e4r han som rest runt i Dorotea kommun och intervjuat m\u00e4nniskor som kommit i kontakt med vittrerna. Dessutom var det han som b\u00f6rjade ber\u00e4tta dem inf\u00f6r publik och vi hj\u00e4lpte till med spel och s\u00e5ng. N\u00e4r han flyttade till Str\u00f6msund \u00f6vertog vi ber\u00e4ttandet!<\/p>\n<p>Christers sv\u00e4rfar \u00e4r dessutom ordf\u00f6rande f\u00f6r f\u00f6reningen, en mycket trevlig och driftig arrang\u00f6r!<\/p>\n<p><a href=\"http:\/\/hastskoteatern.se\/?attachment_id=1691\" rel=\"attachment wp-att-1691\"><img decoding=\"async\" loading=\"lazy\" class=\"aligncenter size-full wp-image-1691\" title=\"027\" src=\"http:\/\/hastskoteatern.se\/wp-content\/uploads\/2015\/03\/027.jpg\" alt=\"\" width=\"912\" height=\"684\" srcset=\"http:\/\/hastskoteatern.se\/wp-content\/uploads\/2015\/03\/027.jpg 912w, http:\/\/hastskoteatern.se\/wp-content\/uploads\/2015\/03\/027-300x225.jpg 300w, http:\/\/hastskoteatern.se\/wp-content\/uploads\/2015\/03\/027-400x300.jpg 400w\" sizes=\"(max-width: 912px) 100vw, 912px\" \/><\/a><\/p>\n<p>Vi tackar f\u00f6r f\u00f6rtroendet att ha f\u00e5tt framf\u00f6ra v\u00e5r f\u00f6rest\u00e4llning och kommer g\u00e4rna igen!<\/p>\n<p><a href=\"http:\/\/hastskoteatern.se\/?attachment_id=1692\" rel=\"attachment wp-att-1692\"><img decoding=\"async\" loading=\"lazy\" class=\"aligncenter size-full wp-image-1692\" title=\"029\" src=\"http:\/\/hastskoteatern.se\/wp-content\/uploads\/2015\/03\/029.jpg\" alt=\"\" width=\"912\" height=\"684\" srcset=\"http:\/\/hastskoteatern.se\/wp-content\/uploads\/2015\/03\/029.jpg 912w, http:\/\/hastskoteatern.se\/wp-content\/uploads\/2015\/03\/029-300x225.jpg 300w, http:\/\/hastskoteatern.se\/wp-content\/uploads\/2015\/03\/029-400x300.jpg 400w\" sizes=\"(max-width: 912px) 100vw, 912px\" \/><\/a><\/p>\n<h1>Nu \u00f6nskar vi er alla GLAD P\u00c5SK, sen ses vi i Arvidsjaur 16-17\/4.<\/h1>\n<p>&nbsp;<\/p>\n<p>&nbsp;<\/p>\n<h2><\/h2>\n","protected":false},"excerpt":{"rendered":"<p>I Tisdags var det dags att packa in Vittrena i sl\u00e4pvagnen igen, denna g\u00e5ngen till Str\u00f6msund, d\u00e4r Vattudalens SPF f\u00f6rening hade m\u00e5nadsm\u00f6te. Vi gav oss i v\u00e4g i god tid s\u00e5 vi kunde bes\u00f6ka El-kedjan innan vi skulle bygga upp &hellip; <a href=\"http:\/\/hastskoteatern.se\/?p=1686\">L\u00e4s mer <span class=\"meta-nav\">&rarr;<\/span><\/a><\/p>\n","protected":false},"author":1,"featured_media":0,"comment_status":"open","ping_status":"open","sticky":false,"template":"","format":"standard","meta":[],"categories":[1],"tags":[],"_links":{"self":[{"href":"http:\/\/hastskoteatern.se\/index.php?rest_route=\/wp\/v2\/posts\/1686"}],"collection":[{"href":"http:\/\/hastskoteatern.se\/index.php?rest_route=\/wp\/v2\/posts"}],"about":[{"href":"http:\/\/hastskoteatern.se\/index.php?rest_route=\/wp\/v2\/types\/post"}],"author":[{"embeddable":true,"href":"http:\/\/hastskoteatern.se\/index.php?rest_route=\/wp\/v2\/users\/1"}],"replies":[{"embeddable":true,"href":"http:\/\/hastskoteatern.se\/index.php?rest_route=%2Fwp%2Fv2%2Fcomments&post=1686"}],"version-history":[{"count":8,"href":"http:\/\/hastskoteatern.se\/index.php?rest_route=\/wp\/v2\/posts\/1686\/revisions"}],"predecessor-version":[{"id":1698,"href":"http:\/\/hastskoteatern.se\/index.php?rest_route=\/wp\/v2\/posts\/1686\/revisions\/1698"}],"wp:attachment":[{"href":"http:\/\/hastskoteatern.se\/index.php?rest_route=%2Fwp%2Fv2%2Fmedia&parent=1686"}],"wp:term":[{"taxonomy":"category","embeddable":true,"href":"http:\/\/hastskoteatern.se\/index.php?rest_route=%2Fwp%2Fv2%2Fcategories&post=1686"},{"taxonomy":"post_tag","embeddable":true,"href":"http:\/\/hastskoteatern.se\/index.php?rest_route=%2Fwp%2Fv2%2Ftags&post=1686"}],"curies":[{"name":"wp","href":"https:\/\/api.w.org\/{rel}","templated":true}]}}