{"id":1579,"date":"2014-04-13T15:14:45","date_gmt":"2014-04-13T15:14:45","guid":{"rendered":"http:\/\/hastskoteatern.se\/?p=1579"},"modified":"2014-04-13T15:14:45","modified_gmt":"2014-04-13T15:14:45","slug":"vitter-i-naske","status":"publish","type":"post","link":"http:\/\/hastskoteatern.se\/?p=1579","title":{"rendered":"VITTER I N\u00c4SKE!"},"content":{"rendered":"<h1>Knappt hade vi packat ur sl\u00e4pvagnen efter f\u00f6rra helgens bes\u00f6k i Barkhyttan och J\u00e4dra\u00e5s, f\u00f6rr\u00e4n det var dags att packa i den igen, denna g\u00e5ng med Vitterhistorierna. Vi drog oss s\u00f6derut den h\u00e4r g\u00e5ngen ocks\u00e5, men inte lika l\u00e5ngt&#8230;<\/h1>\n<p><img decoding=\"async\" loading=\"lazy\" class=\"aligncenter size-full wp-image-1580\" title=\"untitled\" src=\"http:\/\/hastskoteatern.se\/wp-content\/uploads\/2014\/04\/untitled.png\" alt=\"\" width=\"1000\" height=\"750\" srcset=\"http:\/\/hastskoteatern.se\/wp-content\/uploads\/2014\/04\/untitled.png 1000w, http:\/\/hastskoteatern.se\/wp-content\/uploads\/2014\/04\/untitled-300x225.png 300w, http:\/\/hastskoteatern.se\/wp-content\/uploads\/2014\/04\/untitled-400x300.png 400w\" sizes=\"(max-width: 1000px) 100vw, 1000px\" \/>&#8230;efter ett stopp i \u00d6rnsk\u00f6ldsvik f\u00f6r att bes\u00f6ka musikaff\u00e4ren, utr\u00e4tta en del andra \u00e4renden och f\u00e5 i oss lite mat, \u00e5kte vi vidare till N\u00e4ske, d\u00e4r slutdestinationen var denna vackra byg\u00e5rd.<\/p>\n<p>H\u00e4r skulle vi sjunga och ber\u00e4tta vitterhistorier f\u00f6r N\u00e4skeborna. Det gick alldeles utm\u00e4rkt, mycket tack vare en trevlig engagerad publik som utstr\u00e5lade gl\u00e4dje! Kaffepausen bj\u00f6d p\u00e5 en f\u00e4rggrann p\u00e5skbakelse som vi l\u00e4t oss v\u00e4l smaka.<\/p>\n<p>Det k\u00e4ndes inte helt fel att hemv\u00e4gen bara var h\u00e4lften s\u00e5 l\u00e5ng som f\u00f6rra s\u00f6ndagen, men den avslutades p\u00e5 samma s\u00e4tt, med ymnigt sn\u00f6fall!<\/p>\n<p>GLAD P\u00c5SK!<\/p>\n","protected":false},"excerpt":{"rendered":"<p>Knappt hade vi packat ur sl\u00e4pvagnen efter f\u00f6rra helgens bes\u00f6k i Barkhyttan och J\u00e4dra\u00e5s, f\u00f6rr\u00e4n det var dags att packa i den igen, denna g\u00e5ng med Vitterhistorierna. Vi drog oss s\u00f6derut den h\u00e4r g\u00e5ngen ocks\u00e5, men inte lika l\u00e5ngt&#8230; &#8230;efter &hellip; <a href=\"http:\/\/hastskoteatern.se\/?p=1579\">L\u00e4s mer <span class=\"meta-nav\">&rarr;<\/span><\/a><\/p>\n","protected":false},"author":1,"featured_media":0,"comment_status":"open","ping_status":"open","sticky":false,"template":"","format":"standard","meta":[],"categories":[1],"tags":[],"_links":{"self":[{"href":"http:\/\/hastskoteatern.se\/index.php?rest_route=\/wp\/v2\/posts\/1579"}],"collection":[{"href":"http:\/\/hastskoteatern.se\/index.php?rest_route=\/wp\/v2\/posts"}],"about":[{"href":"http:\/\/hastskoteatern.se\/index.php?rest_route=\/wp\/v2\/types\/post"}],"author":[{"embeddable":true,"href":"http:\/\/hastskoteatern.se\/index.php?rest_route=\/wp\/v2\/users\/1"}],"replies":[{"embeddable":true,"href":"http:\/\/hastskoteatern.se\/index.php?rest_route=%2Fwp%2Fv2%2Fcomments&post=1579"}],"version-history":[{"count":1,"href":"http:\/\/hastskoteatern.se\/index.php?rest_route=\/wp\/v2\/posts\/1579\/revisions"}],"predecessor-version":[{"id":1581,"href":"http:\/\/hastskoteatern.se\/index.php?rest_route=\/wp\/v2\/posts\/1579\/revisions\/1581"}],"wp:attachment":[{"href":"http:\/\/hastskoteatern.se\/index.php?rest_route=%2Fwp%2Fv2%2Fmedia&parent=1579"}],"wp:term":[{"taxonomy":"category","embeddable":true,"href":"http:\/\/hastskoteatern.se\/index.php?rest_route=%2Fwp%2Fv2%2Fcategories&post=1579"},{"taxonomy":"post_tag","embeddable":true,"href":"http:\/\/hastskoteatern.se\/index.php?rest_route=%2Fwp%2Fv2%2Ftags&post=1579"}],"curies":[{"name":"wp","href":"https:\/\/api.w.org\/{rel}","templated":true}]}}