{"id":1235,"date":"2012-10-17T17:32:09","date_gmt":"2012-10-17T17:32:09","guid":{"rendered":"http:\/\/hastskoteatern.se\/?p=1235"},"modified":"2012-10-19T17:24:27","modified_gmt":"2012-10-19T17:24:27","slug":"arjeplog-och-arvidsjaur","status":"publish","type":"post","link":"http:\/\/hastskoteatern.se\/?p=1235","title":{"rendered":"ARJEPLOG OCH ARVIDSJAUR"},"content":{"rendered":"<p><a href=\"http:\/\/hastskoteatern.se\/?attachment_id=792\" rel=\"attachment wp-att-792\"><img decoding=\"async\" loading=\"lazy\" class=\"alignleft size-full wp-image-792\" title=\"hastsko2-150x150\" src=\"http:\/\/hastskoteatern.se\/wp-content\/uploads\/2011\/10\/hastsko2-150x15011.gif\" alt=\"\" width=\"150\" height=\"150\" \/><\/a><strong><em>Efter en vecka p\u00e5 resande fot har vi \u00e5terv\u00e4nt till hembygden<\/em><\/strong>!<\/p>\n<p>F\u00f6rra veckan var intensiv, of\u00f6rgl\u00f6mlig och mycket, mycket trevlig! Vi kom till Arjeplog vid kv\u00e4llningen p\u00e5 tisdagen, m\u00f6ttes av Christina som h\u00e4lsade oss v\u00e4lkomna tillbaka. Efter bygget av Tjopp blev det lite s\u00f6mn n\u00e5gra timmar innan Onsdagens tre f\u00f6rest\u00e4llningar f\u00f6r f\u00f6rskolebarnen, gick av stapeln. Fina, intresserade barn gjorde oss inspirerade och bes\u00f6ket avslutades med en h\u00e4rlig paltlunch som vi blev bjudna p\u00e5. <a href=\"http:\/\/hastskoteatern.se\/?attachment_id=1239\" rel=\"attachment wp-att-1239\"><img decoding=\"async\" loading=\"lazy\" class=\"aligncenter size-full wp-image-1239\" title=\"Kyrka liten\" src=\"http:\/\/hastskoteatern.se\/wp-content\/uploads\/2012\/10\/Kyrka-liten.jpg\" alt=\"\" width=\"912\" height=\"684\" srcset=\"http:\/\/hastskoteatern.se\/wp-content\/uploads\/2012\/10\/Kyrka-liten.jpg 912w, http:\/\/hastskoteatern.se\/wp-content\/uploads\/2012\/10\/Kyrka-liten-300x225.jpg 300w, http:\/\/hastskoteatern.se\/wp-content\/uploads\/2012\/10\/Kyrka-liten-400x300.jpg 400w\" sizes=\"(max-width: 912px) 100vw, 912px\" \/><\/a>Efter avslutat arbete, fotograferade vi Arjeplogs vackra kyrka innan vi gav oss vidare mot Arvidsjaur.\u00a0 L\u00e4s mer p\u00e5\u00a0 <a href=\"http:\/\/www.arjeplognytt.se\">www.arjeplognytt.se<\/a> , g\u00e5 in under fliken kultur\/ Musikteater som gav intryck.<a href=\"http:\/\/hastskoteatern.se\/?attachment_id=1244\" rel=\"attachment wp-att-1244\"><img decoding=\"async\" loading=\"lazy\" class=\"aligncenter size-full wp-image-1244\" title=\"Arvidsjaur 1 liten\" src=\"http:\/\/hastskoteatern.se\/wp-content\/uploads\/2012\/10\/Arvidsjaur-1-liten.jpg\" alt=\"\" width=\"912\" height=\"684\" srcset=\"http:\/\/hastskoteatern.se\/wp-content\/uploads\/2012\/10\/Arvidsjaur-1-liten.jpg 912w, http:\/\/hastskoteatern.se\/wp-content\/uploads\/2012\/10\/Arvidsjaur-1-liten-300x225.jpg 300w, http:\/\/hastskoteatern.se\/wp-content\/uploads\/2012\/10\/Arvidsjaur-1-liten-400x300.jpg 400w\" sizes=\"(max-width: 912px) 100vw, 912px\" \/><\/a>I Arvidsjaur fick vi en halv dags semester, s\u00e5 vi passade p\u00e5 att titta oss runt lite, i lappstaden t.ex.<a href=\"http:\/\/hastskoteatern.se\/?attachment_id=1247\" rel=\"attachment wp-att-1247\"><img decoding=\"async\" loading=\"lazy\" class=\"aligncenter size-full wp-image-1247\" title=\"arvidsjaur 2 liten\" src=\"http:\/\/hastskoteatern.se\/wp-content\/uploads\/2012\/10\/arvidsjaur-2-liten.jpg\" alt=\"\" width=\"912\" height=\"684\" srcset=\"http:\/\/hastskoteatern.se\/wp-content\/uploads\/2012\/10\/arvidsjaur-2-liten.jpg 912w, http:\/\/hastskoteatern.se\/wp-content\/uploads\/2012\/10\/arvidsjaur-2-liten-300x225.jpg 300w, http:\/\/hastskoteatern.se\/wp-content\/uploads\/2012\/10\/arvidsjaur-2-liten-400x300.jpg 400w\" sizes=\"(max-width: 912px) 100vw, 912px\" \/><\/a>Men snart var det dags att \u00e5ka ut till Fj\u00e4llbon\u00e4s bygdeg\u00e5rd, d\u00e4r vi skulle framf\u00f6ra v\u00e5rt alls\u00e5ngsprogram. Vi blev v\u00e4l mottagna av arrang\u00f6rerna, som g\u00e4rna hj\u00e4lpte till med b\u00e5de b\u00e4rhj\u00e4lp, bygge och utfodring av artisterna.<\/p>\n<p>Mycket publik, trevlig publik&#8230; och kv\u00e4llens \u00f6verraskning: Nicke Grahns (en trevlig profil i Dorotea)\u00a0pappa som bodde i n\u00e4rheten. Trevligt, trevligt!<a href=\"http:\/\/hastskoteatern.se\/?attachment_id=1248\" rel=\"attachment wp-att-1248\"><img decoding=\"async\" loading=\"lazy\" class=\"aligncenter size-full wp-image-1248\" title=\"Bygdeg\u00e5rd arvidsjaur liten\" src=\"http:\/\/hastskoteatern.se\/wp-content\/uploads\/2012\/10\/Bygdeg%C3%A5rd-arvidsjaur-liten.jpg\" alt=\"\" width=\"912\" height=\"684\" \/><\/a>P\u00e5 fredagen var det dags att bes\u00f6ka Ringelsta \u00e4ldreboende d\u00e4r vi ber\u00e4ttade vitterhistorier och sj\u00f6ng visor. En helt underbar f\u00f6rest\u00e4llning!!! Vilken respons av publiken, som v\u00e4ldigt g\u00e4rna ville att vi skulle komma igen!<a href=\"http:\/\/hastskoteatern.se\/?attachment_id=1253\" rel=\"attachment wp-att-1253\"><img decoding=\"async\" loading=\"lazy\" class=\"aligncenter size-full wp-image-1253\" title=\"Ringelsta liten\" src=\"http:\/\/hastskoteatern.se\/wp-content\/uploads\/2012\/10\/Ringelsta-liten.jpg\" alt=\"\" width=\"912\" height=\"684\" srcset=\"http:\/\/hastskoteatern.se\/wp-content\/uploads\/2012\/10\/Ringelsta-liten.jpg 912w, http:\/\/hastskoteatern.se\/wp-content\/uploads\/2012\/10\/Ringelsta-liten-300x225.jpg 300w, http:\/\/hastskoteatern.se\/wp-content\/uploads\/2012\/10\/Ringelsta-liten-400x300.jpg 400w\" sizes=\"(max-width: 912px) 100vw, 912px\" \/><\/a>H\u00e4r h\u00e5ller publiken p\u00e5 att fylla lokalen&#8230; finns det hj\u00e4rterum, s\u00e5 finns det stj\u00e4rterum! Det blev t\u00e4mligen fullsatt innan timmen var slagen.<\/p>\n<p>L\u00f6rdag morgon fortsatte vi v\u00e5r resa till Skellefte\u00e5. Denna tripp var ett bes\u00f6k p\u00e5 V\u00e4sterbottensteatern, en tr\u00e4ff f\u00f6r l\u00e4nets arrang\u00f6rer (ja, vi hade den rollen d\u00e5!). Trevlig helg med bra underh\u00e5llning och trevligt s\u00e4llskap. D\u00e5 vi \u00e5kte hem\u00e5t p\u00e5 s\u00f6ndagseftermiddagen upplevde vi vinterns f\u00f6rsta sn\u00f6fall!<a href=\"http:\/\/hastskoteatern.se\/?attachment_id=1254\" rel=\"attachment wp-att-1254\"><img decoding=\"async\" loading=\"lazy\" class=\"aligncenter size-full wp-image-1254\" title=\"sn\u00f6 liten\" src=\"http:\/\/hastskoteatern.se\/wp-content\/uploads\/2012\/10\/sn%C3%B6-liten.jpg\" alt=\"\" width=\"912\" height=\"684\" \/><\/a>Nu blir det V\u00e4nn\u00e4s n\u00e4sta helg&#8230;. rapport kommer!<\/p>\n<p>&nbsp;<\/p>\n","protected":false},"excerpt":{"rendered":"<p>Efter en vecka p\u00e5 resande fot har vi \u00e5terv\u00e4nt till hembygden! F\u00f6rra veckan var intensiv, of\u00f6rgl\u00f6mlig och mycket, mycket trevlig! Vi kom till Arjeplog vid kv\u00e4llningen p\u00e5 tisdagen, m\u00f6ttes av Christina som h\u00e4lsade oss v\u00e4lkomna tillbaka. Efter bygget av Tjopp &hellip; <a href=\"http:\/\/hastskoteatern.se\/?p=1235\">L\u00e4s mer <span class=\"meta-nav\">&rarr;<\/span><\/a><\/p>\n","protected":false},"author":1,"featured_media":0,"comment_status":"open","ping_status":"open","sticky":false,"template":"","format":"standard","meta":[],"categories":[1],"tags":[],"_links":{"self":[{"href":"http:\/\/hastskoteatern.se\/index.php?rest_route=\/wp\/v2\/posts\/1235"}],"collection":[{"href":"http:\/\/hastskoteatern.se\/index.php?rest_route=\/wp\/v2\/posts"}],"about":[{"href":"http:\/\/hastskoteatern.se\/index.php?rest_route=\/wp\/v2\/types\/post"}],"author":[{"embeddable":true,"href":"http:\/\/hastskoteatern.se\/index.php?rest_route=\/wp\/v2\/users\/1"}],"replies":[{"embeddable":true,"href":"http:\/\/hastskoteatern.se\/index.php?rest_route=%2Fwp%2Fv2%2Fcomments&post=1235"}],"version-history":[{"count":21,"href":"http:\/\/hastskoteatern.se\/index.php?rest_route=\/wp\/v2\/posts\/1235\/revisions"}],"predecessor-version":[{"id":1262,"href":"http:\/\/hastskoteatern.se\/index.php?rest_route=\/wp\/v2\/posts\/1235\/revisions\/1262"}],"wp:attachment":[{"href":"http:\/\/hastskoteatern.se\/index.php?rest_route=%2Fwp%2Fv2%2Fmedia&parent=1235"}],"wp:term":[{"taxonomy":"category","embeddable":true,"href":"http:\/\/hastskoteatern.se\/index.php?rest_route=%2Fwp%2Fv2%2Fcategories&post=1235"},{"taxonomy":"post_tag","embeddable":true,"href":"http:\/\/hastskoteatern.se\/index.php?rest_route=%2Fwp%2Fv2%2Ftags&post=1235"}],"curies":[{"name":"wp","href":"https:\/\/api.w.org\/{rel}","templated":true}]}}