{"id":1106,"date":"2012-04-15T08:28:16","date_gmt":"2012-04-15T08:28:16","guid":{"rendered":"http:\/\/hastskoteatern.se\/?p=1106"},"modified":"2012-04-15T08:28:16","modified_gmt":"2012-04-15T08:28:16","slug":"jubileum-i-nordmaling","status":"publish","type":"post","link":"http:\/\/hastskoteatern.se\/?p=1106","title":{"rendered":"JUBILEUM I NORDMALING"},"content":{"rendered":"<p><a href=\"http:\/\/hastskoteatern.se\/?attachment_id=792\" rel=\"attachment wp-att-792\"><img decoding=\"async\" loading=\"lazy\" class=\"alignleft size-full wp-image-792\" title=\"hastsko2-150x150\" src=\"http:\/\/hastskoteatern.se\/wp-content\/uploads\/2011\/10\/hastsko2-150x15011.gif\" alt=\"\" width=\"150\" height=\"150\" \/><\/a><strong>I g\u00e5r hade H\u00e4stskoteatern den stora \u00e4ran att ge &#8221;Vitterhistorier, s\u00e5ng och spelgl\u00e4dje&#8221; under Hembygdsf\u00f6reningens inledande dag p\u00e5 det veckol\u00e5nga firandet av Kulturlokalen OASEN:s 25 \u00e5rs jubileum!<\/strong><\/p>\n<p><a href=\"http:\/\/hastskoteatern.se\/?attachment_id=1107\" rel=\"attachment wp-att-1107\"><img decoding=\"async\" loading=\"lazy\" class=\"aligncenter size-full wp-image-1107\" title=\"003 liten\" src=\"http:\/\/hastskoteatern.se\/wp-content\/uploads\/2012\/04\/003-liten.jpg\" alt=\"\" width=\"912\" height=\"684\" srcset=\"http:\/\/hastskoteatern.se\/wp-content\/uploads\/2012\/04\/003-liten.jpg 912w, http:\/\/hastskoteatern.se\/wp-content\/uploads\/2012\/04\/003-liten-300x225.jpg 300w, http:\/\/hastskoteatern.se\/wp-content\/uploads\/2012\/04\/003-liten-400x300.jpg 400w\" sizes=\"(max-width: 912px) 100vw, 912px\" \/><\/a><\/p>\n<p><strong>P\u00e5 detta f\u00f6rtr\u00e4ffliga st\u00e4lle intog vi v\u00e5ra m\u00e5ltider, lika gott varje g\u00e5ng! Kan varmt rekomenderas!!<\/strong><\/p>\n<p>&nbsp;<\/p>\n<p>&nbsp;<\/p>\n","protected":false},"excerpt":{"rendered":"<p>I g\u00e5r hade H\u00e4stskoteatern den stora \u00e4ran att ge &#8221;Vitterhistorier, s\u00e5ng och spelgl\u00e4dje&#8221; under Hembygdsf\u00f6reningens inledande dag p\u00e5 det veckol\u00e5nga firandet av Kulturlokalen OASEN:s 25 \u00e5rs jubileum! P\u00e5 detta f\u00f6rtr\u00e4ffliga st\u00e4lle intog vi v\u00e5ra m\u00e5ltider, lika gott varje g\u00e5ng! Kan &hellip; <a href=\"http:\/\/hastskoteatern.se\/?p=1106\">L\u00e4s mer <span class=\"meta-nav\">&rarr;<\/span><\/a><\/p>\n","protected":false},"author":1,"featured_media":0,"comment_status":"open","ping_status":"open","sticky":false,"template":"","format":"standard","meta":[],"categories":[1],"tags":[],"_links":{"self":[{"href":"http:\/\/hastskoteatern.se\/index.php?rest_route=\/wp\/v2\/posts\/1106"}],"collection":[{"href":"http:\/\/hastskoteatern.se\/index.php?rest_route=\/wp\/v2\/posts"}],"about":[{"href":"http:\/\/hastskoteatern.se\/index.php?rest_route=\/wp\/v2\/types\/post"}],"author":[{"embeddable":true,"href":"http:\/\/hastskoteatern.se\/index.php?rest_route=\/wp\/v2\/users\/1"}],"replies":[{"embeddable":true,"href":"http:\/\/hastskoteatern.se\/index.php?rest_route=%2Fwp%2Fv2%2Fcomments&post=1106"}],"version-history":[{"count":2,"href":"http:\/\/hastskoteatern.se\/index.php?rest_route=\/wp\/v2\/posts\/1106\/revisions"}],"predecessor-version":[{"id":1109,"href":"http:\/\/hastskoteatern.se\/index.php?rest_route=\/wp\/v2\/posts\/1106\/revisions\/1109"}],"wp:attachment":[{"href":"http:\/\/hastskoteatern.se\/index.php?rest_route=%2Fwp%2Fv2%2Fmedia&parent=1106"}],"wp:term":[{"taxonomy":"category","embeddable":true,"href":"http:\/\/hastskoteatern.se\/index.php?rest_route=%2Fwp%2Fv2%2Fcategories&post=1106"},{"taxonomy":"post_tag","embeddable":true,"href":"http:\/\/hastskoteatern.se\/index.php?rest_route=%2Fwp%2Fv2%2Ftags&post=1106"}],"curies":[{"name":"wp","href":"https:\/\/api.w.org\/{rel}","templated":true}]}}